{"id":2886,"date":"2026-01-19T08:56:48","date_gmt":"2026-01-19T08:56:48","guid":{"rendered":"https:\/\/wandakrakow.com.pl\/?p=2886"},"modified":"2026-01-19T09:00:54","modified_gmt":"2026-01-19T09:00:54","slug":"pamietamy","status":"publish","type":"post","link":"https:\/\/wandakrakow.com.pl\/?p=2886","title":{"rendered":"Pami\u0119tamy!!!"},"content":{"rendered":"\n<p><em><strong>Marian Pomorski: Legenda, kt\u00f3ra ukszta\u0142towa\u0142a mistrz\u00f3w i jednoczy\u0142a Krak\u00f3w<\/strong><\/em><\/p>\n\n\n\n<p><em><strong>19 stycznia 2026 roku&nbsp;mija dok\u0142adnie&nbsp;15 lat&nbsp;od \u015bmierci \u015bp.&nbsp;Mariana Pomorskiego&nbsp;\u2013 postaci pomnikowej dla Klubu Sportowego&nbsp;Wanda Krak\u00f3w. By\u0142 on nie tylko jednym z za\u0142o\u017cycieli klubu i jego zawodnikiem, ale przede wszystkim wybitnym wychowawc\u0105, kt\u00f3rego praca sta\u0142a si\u0119 ewenementem na skal\u0119 krajow\u0105. Udowodni\u0142, \u017ce ma\u0142y klub dzielnicowy mo\u017ce sta\u0107 si\u0119 prawdziw\u0105 ku\u017ani\u0105 talent\u00f3w na miar\u0119 reprezentacji Polski.<\/strong><\/em><\/p>\n\n\n\n<p><em><strong>Filozofia Trenera i Wychowawcy<\/strong><\/em><\/p>\n\n\n\n<p><em><strong>Marian Pomorski umiej\u0119tnie \u0142\u0105czy\u0142 pasj\u0119 sportow\u0105 z misj\u0105 pedagogiczn\u0105, zapewniaj\u0105c swoim podopiecznym niemal&nbsp;ojcowsk\u0105 opiek\u0119. Jego filozofia trenerska by\u0142a na tamte czasy nietypowa: zach\u0119ca\u0142 m\u0142odych pi\u0142karzy do&nbsp;odwa\u017cnej, technicznej gry i dryblingu, stawiaj\u0105c na kreatywno\u015b\u0107, a nie tylko na si\u0142\u0119.<\/strong><\/em><\/p>\n\n\n\n<p><em><strong>Jego najwi\u0119kszym sukcesem by\u0142o odkrycie i oszlifowanie talent\u00f3w, kt\u00f3re rozs\u0142awi\u0142y polsk\u0105 pi\u0142k\u0119. Do grona jego najwybitniejszych wychowank\u00f3w nale\u017c\u0105:<\/strong><\/em><\/p>\n\n\n\n<ul class=\"wp-block-list\">\n<li><em><strong>Andrzej Iwan: ikona polskiej pi\u0142ki, wielokrotny reprezentant kraju, gwiazda Wis\u0142y Krak\u00f3w i G\u00f3rnika Zabrze. Iwan wielokrotnie podkre\u015bla\u0142, jak wiele zawdzi\u0119cza\u0142 &#8222;Marysiowi&#8221;, nazywaj\u0105c go swoim anio\u0142em i oczkiem w g\u0142owie, kt\u00f3ry ukierunkowa\u0142 jego karier\u0119, sugeruj\u0105c przej\u015bcie do Wis\u0142y Krak\u00f3w.<\/strong><\/em><\/li>\n\n\n\n<li><em><strong>Krzysztof Bukalski: reprezentant Polski i uznany pomocnik.<\/strong><\/em><\/li>\n\n\n\n<li><em><strong>Miros\u0142aw Walig\u00f3ra: kr\u00f3l strzelc\u00f3w i\u00a0srebrny medalista olimpijski z Barcelony (1992).<\/strong><\/em><\/li>\n\n\n\n<li><em><strong>J\u00f3zef Szewczyk: reprezentant Polski, zdobywca Pucharu Polski z Lechem Pozna\u0144, zawodnik Hutnika i \u015al\u0105ska Wroc\u0142aw.<\/strong><\/em><\/li>\n\n\n\n<li><em><strong>J\u00f3zef Konieczny: \u015bwietny zawodnik reprezentuj\u0105cy barwy Cracovii.<\/strong><\/em><\/li>\n\n\n\n<li><em><strong>Marian i Bogdan Stolczykowie: bracia, kt\u00f3rzy z powodzeniem reprezentowali barwy Wis\u0142y Krak\u00f3w.<\/strong><\/em><\/li>\n\n\n\n<li><em><strong>Jerzy P\u0142onka: Mistrz Polski Junior\u00f3w w barwach Wis\u0142y Krak\u00f3w.<\/strong><\/em><br><\/li>\n<\/ul>\n\n\n\n<p><em><strong>Wanda Krak\u00f3w \u2013 Klub Ponad Podzia\u0142ami<\/strong><\/em><\/p>\n\n\n\n<p><em><strong>Historia Wandy pod opiek\u0105 Mariana Pomorskiego to unikalny w skali kraju przyk\u0142ad sportowej klasy i umiej\u0119tno\u015bci jednoczenia krakowskiego \u015brodowiska. W mie\u015bcie o tak silnych, cz\u0119sto zwa\u015bnionych tradycjach klubowych, Marian Pomorski potrafi\u0142 przez dziesi\u0119ciolecia \u201edogadywa\u0107 si\u0119\u201d ze wszystkimi.<\/strong><\/em><\/p>\n\n\n\n<p><em><strong>Jego wychowankowie z sukcesami zasilali szeregi zar\u00f3wno&nbsp;Wis\u0142y,&nbsp;Cracovii, jak i&nbsp;Hutnika. Wanda sta\u0142a si\u0119 swoistym \u201emostem\u201d i neutralnym gruntem, gdzie liczy\u0142 si\u0119 wy\u0142\u0105cznie talent oraz patriotyzm sportowy. To dow\u00f3d na niezwyk\u0142y autorytet \u015bp. Mariana Pomorskiego, kt\u00f3ry potrafi\u0142 sprawi\u0107, \u017ce sport \u0142\u0105czy\u0142, a nie dzieli\u0142.<\/strong><\/em><\/p>\n\n\n\n<p><em><strong>Skuteczno\u015b\u0107 tego modelu wychowawczego \u2013 opartego na dyscyplinie, patriotyzmie lokalnym i wzajemnym szacunku \u2013 jest dowodem na to, \u017ce sport w Wandzie Krak\u00f3w by\u0142 czym\u015b wi\u0119cej ni\u017c tylko gr\u0105. By\u0142 szko\u0142\u0105 \u017cycia.<\/strong><\/em><\/p>\n\n\n\n<p><em><strong>Marian Pomorski, odznaczony za swoje zas\u0142ugi licznymi medalami, pozostawi\u0142 po sobie dziedzictwo, kt\u00f3re jest fundamentem naszego klubu. Pami\u0119\u0107 o nim to ho\u0142d dla idei skutecznego wychowania poprzez sport, kt\u00f3ra w Nowej Hucie wyda\u0142a najpi\u0119kniejsze owoce dla ca\u0142ej Polski.<\/strong><\/em><\/p>\n\n\n\n<p><em><strong>Cze\u015b\u0107 Jego Pami\u0119ci!<\/strong><\/em><\/p>\n","protected":false},"excerpt":{"rendered":"<p>Marian Pomorski: Legenda, kt\u00f3ra ukszta\u0142towa\u0142a mistrz\u00f3w i jednoczy\u0142a Krak\u00f3w 19 stycznia 2026 roku&nbsp;mija dok\u0142adnie&nbsp;15 lat&nbsp;od \u015bmierci \u015bp.&nbsp;Mariana Pomorskiego&nbsp;\u2013 postaci pomnikowej dla Klubu Sportowego&nbsp;Wanda Krak\u00f3w. By\u0142 [&hellip;]<\/p>\n","protected":false},"author":2,"featured_media":2889,"comment_status":"closed","ping_status":"","sticky":false,"template":"","format":"standard","meta":{"_jetpack_memberships_contains_paid_content":false,"footnotes":"","jetpack_publicize_message":"","jetpack_publicize_feature_enabled":true,"jetpack_social_post_already_shared":true,"jetpack_social_options":{"image_generator_settings":{"template":"highway","default_image_id":0,"font":"","enabled":false},"version":2}},"categories":[17],"tags":[],"class_list":["post-2886","post","type-post","status-publish","format-standard","has-post-thumbnail","hentry","category-aktualnosci"],"jetpack_publicize_connections":[],"jetpack_featured_media_url":"https:\/\/wandakrakow.com.pl\/wp-content\/uploads\/2026\/01\/Marian-P.jpg","jetpack_sharing_enabled":true,"_links":{"self":[{"href":"https:\/\/wandakrakow.com.pl\/index.php?rest_route=\/wp\/v2\/posts\/2886","targetHints":{"allow":["GET"]}}],"collection":[{"href":"https:\/\/wandakrakow.com.pl\/index.php?rest_route=\/wp\/v2\/posts"}],"about":[{"href":"https:\/\/wandakrakow.com.pl\/index.php?rest_route=\/wp\/v2\/types\/post"}],"author":[{"embeddable":true,"href":"https:\/\/wandakrakow.com.pl\/index.php?rest_route=\/wp\/v2\/users\/2"}],"replies":[{"embeddable":true,"href":"https:\/\/wandakrakow.com.pl\/index.php?rest_route=%2Fwp%2Fv2%2Fcomments&post=2886"}],"version-history":[{"count":1,"href":"https:\/\/wandakrakow.com.pl\/index.php?rest_route=\/wp\/v2\/posts\/2886\/revisions"}],"predecessor-version":[{"id":2890,"href":"https:\/\/wandakrakow.com.pl\/index.php?rest_route=\/wp\/v2\/posts\/2886\/revisions\/2890"}],"wp:featuredmedia":[{"embeddable":true,"href":"https:\/\/wandakrakow.com.pl\/index.php?rest_route=\/wp\/v2\/media\/2889"}],"wp:attachment":[{"href":"https:\/\/wandakrakow.com.pl\/index.php?rest_route=%2Fwp%2Fv2%2Fmedia&parent=2886"}],"wp:term":[{"taxonomy":"category","embeddable":true,"href":"https:\/\/wandakrakow.com.pl\/index.php?rest_route=%2Fwp%2Fv2%2Fcategories&post=2886"},{"taxonomy":"post_tag","embeddable":true,"href":"https:\/\/wandakrakow.com.pl\/index.php?rest_route=%2Fwp%2Fv2%2Ftags&post=2886"}],"curies":[{"name":"wp","href":"https:\/\/api.w.org\/{rel}","templated":true}]}}